{"id":1618,"date":"2011-03-23T14:49:18","date_gmt":"2011-03-23T13:49:18","guid":{"rendered":"https:\/\/www.1001innovations.com\/nouvelles-de-linnovation\/?p=1618"},"modified":"2011-03-23T15:12:16","modified_gmt":"2011-03-23T14:12:16","slug":"le-coup-de-coeur-de-la-semaine-la-radio-compacte-a-energie-solaire-et-dynamo","status":"publish","type":"post","link":"https:\/\/www.1001innovations.com\/nouvelles-de-linnovation\/2011\/03\/23\/le-coup-de-coeur-de-la-semaine-la-radio-compacte-a-energie-solaire-et-dynamo\/","title":{"rendered":"Le coup de coeur de la semaine : la radio compacte \u00e0 \u00e9nergie solaire et dynamo"},"content":{"rendered":"<p><a href=\"https:\/\/www.1001innovations.com\/radios-multifonctions\/99-radio-compacte-solaire-dynamo.html\" target =\"_blank\"><img loading=\"lazy\" decoding=\"async\" src=\"https:\/\/www.1001innovations.com\/nouvelles-de-linnovation\/wp-content\/uploads\/2011\/03\/radio-compacte-solaire-dynamo-11.jpg\" alt=\"Radio solaire ecologique pour randonnee, pique-nique\" title=\"Radio compacte \u00e9nergie solaire et dynamo\" width=\"300\" height=\"235\" class=\"alignleft size-full wp-image-1635\" \/><\/a><br \/>Notre coup de coeur de la semaine, c&rsquo;est une <a href=\"https:\/\/www.1001innovations.com\/radios-multifonctions\/99-radio-compacte-solaire-dynamo.html\" target =\"_blank\"><strong>petite radio \u00e9cologique solaire et dynamo<\/strong><\/a>.<\/p>\n<p>Vive le printemps et le retour du soleil avec ! Vous emm\u00e8nerez avec vous cette radio compacte en pique-nique, en week-end \u00e0 la campagne, en randonn\u00e9e et ballade \u00e0 la montagne, ou tout simplement dans votre jardin. Et ca sans \u00e9lectricit\u00e9 et sans piles.<\/p>\n<p>L&rsquo;\u00e9quipe 1001innovations vient de pr\u00e9senter cette radio solaire sur son stand au salon Vivre Autrement de Paris Vincennes il y a quelques jours et elle a rencontr\u00e9 un grand succ\u00e8s aupr\u00e8s des nombreux visiteurs !<\/p>\n<p>Cette <strong>mini radio solaire AM\/FM<\/strong> est id\u00e9ale, elle est doublement \u00e9cologique : <\/p>\n<p>&#8211; <strong>elle se charge par panneau solaire qui capte la lumi\u00e8re ext\u00e9rieure (avec ou sans soleil) et la lumi\u00e8re artificielle<\/strong> \u00e9galement, ce qui est tr\u00e8s pratique, ce mode de chargement par panneau solaire vous donne 1 heure d&rsquo;\u00e9coute pour 5 heures de charge par dynamo (mais mieux vaut la laisser en permanence sortie pour que le panneau solaire soit toujours charg\u00e9 au maximum et fonctionne en permanence<br \/>\n&#8211; <strong>elle se charge \u00e9galement par la dynamo<\/strong> qui est situ\u00e9e au dos de l&rsquo;appareil, 1minute de rotation de la dynamo donne 15 minutes d&rsquo;\u00e9coute), ce qui est un bon compl\u00e9ment et une bonne s\u00e9curit\u00e9.<\/p>\n<p><a href=\"https:\/\/www.1001innovations.com\/radios-multifonctions\/99-radio-compacte-solaire-dynamo.html\"target =\"_blank\"><img loading=\"lazy\" decoding=\"async\" src=\"https:\/\/www.1001innovations.com\/nouvelles-de-linnovation\/wp-content\/uploads\/2011\/03\/radio-compacte-solaire-dynamo-2.jpg\" alt=\"mini radio ecologique sans piles pour randonn\u00e9e, pique-nique\" title=\"radio compacte energie solaire et dynamo\" width=\"300\" height=\"235\" class=\"alignleft size-full wp-image-1641\" \/><\/a>Nous avons test\u00e9 le son, il est excellent et permet de capter la bande FM et la bande AM, gr\u00e2ce \u00e0 l&rsquo;antenne t\u00e9lescopique sur le dessus de la radio. Vous pouvez chercher vos fr\u00e9quences pr\u00e9f\u00e9r\u00e9es et r\u00e9glez le son avec les molettes sur les c\u00f4t\u00e9s.<\/p>\n<p>Enfin, cette <a href=\"https:\/\/www.1001innovations.com\/radios-multifonctions\/99-radio-compacte-solaire-dynamo.html\" target =\"_blank\"><strong>mini radio solaire<\/strong><\/a> est super l\u00e9g\u00e8re et tr\u00e8s peu encombrante : elle p\u00e8se un peu plus de 200 grammes et elle est super compacte en forme de cube, elle tient dans une poche (hauteur 5.5 cm, largeur 7.5 cm et longueur 8.3 cm).<\/p>\n<p><strong><a href=\"https:\/\/www.1001innovations.com\/radios-multifonctions\/99-radio-compacte-solaire-dynamo.html\" target =\"_blank\">> Cliquez ici pour lire toutes les caract\u00e9ristiques d\u00e9taill\u00e9es de la radio compacte solaire et dynamo<\/a><\/strong><\/p>\n<p>D\u00e9couvrez d&rsquo;autres produits solaires et \u00e9cologiques s\u00e9lectionn\u00e9s par 1001innovations.com :<\/p>\n<p><a href=\"https:\/\/www.1001innovations.com\/chargeur-solaire\/65-chargeur-solaire-telephone-portable.html\"target = \"_blank\"><img loading=\"lazy\" decoding=\"async\" src=\"https:\/\/www.1001innovations.com\/nouvelles-de-linnovation\/wp-content\/uploads\/2011\/03\/chargeur-solaire-telephone-portable-150x150.jpg\" alt=\"charge de telephone portable \u00e9cologique\" title=\"chargeur solaire telephone portable\" width=\"150\" height=\"150\" class=\"alignleft size-thumbnail wp-image-1651\" \/><\/a><a href=\"https:\/\/www.1001innovations.com\/chargeur-solaire\/65-chargeur-solaire-telephone-portable.html\" target = \"_blank\"> Chargeur solaire pour t\u00e9l\u00e9phones portables Iphone, Samsung etc ><\/a><\/p>\n<p><a href=\" https:\/\/www.1001innovations.com\/montres-horloges-multifonctions\/100-reveil-lcd-solaire.html\" target = \"_blank\">R\u00e9veil solaire LCD ><\/a><\/p>\n<p><a href=\" https:\/\/www.1001innovations.com\/mobiles-double-carte-sim-debloques-tous-operateurs\/332-batterie-chargeur-solaire-pour-iphone-ipod.html\" target = \"_blank\">Batterie solaire de secours pour Iphone et Ipod ><\/a><\/p>\n<p><a href=\" https:\/\/www.1001innovations.com\/montres-horloges-multifonctions\/38-montre-chronometre-energie-solaire.html\" target = \"_blank\">Montre chronom\u00e8tre \u00e0 \u00e9nergie solaire> <\/a><\/br><br \/>\n<\/br><\/p>\n","protected":false},"excerpt":{"rendered":"<p>D\u00e9couvrez la radio compacte \u00e0 \u00e9nergie solaire et dynamo : une petite radio bien pratique, compacte, ultra l\u00e9g\u00e8re, que vous emm\u00e8nerez avec vous partout et qui ne tombera jamais en panne &#8211; \u00e0 d\u00e9couvrir sur 1001innovations.com<\/p>\n","protected":false},"author":21,"featured_media":0,"comment_status":"open","ping_status":"closed","sticky":false,"template":"","format":"standard","meta":{"site-sidebar-layout":"default","site-content-layout":"","ast-site-content-layout":"default","site-content-style":"default","site-sidebar-style":"default","ast-global-header-display":"","ast-banner-title-visibility":"","ast-main-header-display":"","ast-hfb-above-header-display":"","ast-hfb-below-header-display":"","ast-hfb-mobile-header-display":"","site-post-title":"","ast-breadcrumbs-content":"","ast-featured-img":"","footer-sml-layout":"","theme-transparent-header-meta":"","adv-header-id-meta":"","stick-header-meta":"","header-above-stick-meta":"","header-main-stick-meta":"","header-below-stick-meta":"","astra-migrate-meta-layouts":"default","ast-page-background-enabled":"default","ast-page-background-meta":{"desktop":{"background-color":"var(--ast-global-color-5)","background-image":"","background-repeat":"repeat","background-position":"center center","background-size":"auto","background-attachment":"scroll","background-type":"","background-media":"","overlay-type":"","overlay-color":"","overlay-opacity":"","overlay-gradient":""},"tablet":{"background-color":"","background-image":"","background-repeat":"repeat","background-position":"center center","background-size":"auto","background-attachment":"scroll","background-type":"","background-media":"","overlay-type":"","overlay-color":"","overlay-opacity":"","overlay-gradient":""},"mobile":{"background-color":"","background-image":"","background-repeat":"repeat","background-position":"center center","background-size":"auto","background-attachment":"scroll","background-type":"","background-media":"","overlay-type":"","overlay-color":"","overlay-opacity":"","overlay-gradient":""}},"ast-content-background-meta":{"desktop":{"background-color":"var(--ast-global-color-4)","background-image":"","background-repeat":"repeat","background-position":"center center","background-size":"auto","background-attachment":"scroll","background-type":"","background-media":"","overlay-type":"","overlay-color":"","overlay-opacity":"","overlay-gradient":""},"tablet":{"background-color":"var(--ast-global-color-4)","background-image":"","background-repeat":"repeat","background-position":"center center","background-size":"auto","background-attachment":"scroll","background-type":"","background-media":"","overlay-type":"","overlay-color":"","overlay-opacity":"","overlay-gradient":""},"mobile":{"background-color":"var(--ast-global-color-4)","background-image":"","background-repeat":"repeat","background-position":"center center","background-size":"auto","background-attachment":"scroll","background-type":"","background-media":"","overlay-type":"","overlay-color":"","overlay-opacity":"","overlay-gradient":""}},"footnotes":""},"categories":[23,4,21,22],"tags":[361,357,360,358,356,359],"class_list":["post-1618","post","type-post","status-publish","format-standard","hentry","category-eco-attitude","category-loisirs-high-tech","category-maison","category-sport-plein-air","tag-mini-radio-solaire","tag-radio-a-dynamo","tag-radio-ecologique","tag-radio-energie-a-dynamo","tag-radio-energie-solaire","tag-radio-sans-piles"],"yoast_head":"<!-- This site is optimized with the Yoast SEO plugin v26.4 - https:\/\/yoast.com\/wordpress\/plugins\/seo\/ -->\n<title>Le coup de coeur de la semaine : la radio compacte \u00e0 \u00e9nergie solaire et dynamo -<\/title>\n<meta name=\"robots\" content=\"index, follow, max-snippet:-1, max-image-preview:large, max-video-preview:-1\" \/>\n<link rel=\"canonical\" href=\"https:\/\/www.1001innovations.com\/nouvelles-de-linnovation\/2011\/03\/23\/le-coup-de-coeur-de-la-semaine-la-radio-compacte-a-energie-solaire-et-dynamo\/\" \/>\n<meta property=\"og:locale\" content=\"fr_FR\" \/>\n<meta property=\"og:type\" content=\"article\" \/>\n<meta property=\"og:title\" content=\"Le coup de coeur de la semaine : la radio compacte \u00e0 \u00e9nergie solaire et dynamo -\" \/>\n<meta property=\"og:description\" content=\"D\u00e9couvrez la radio compacte \u00e0 \u00e9nergie solaire et dynamo : une petite radio bien pratique, compacte, ultra l\u00e9g\u00e8re, que vous emm\u00e8nerez avec vous partout et qui ne tombera jamais en panne - \u00e0 d\u00e9couvrir sur 1001innovations.com\" \/>\n<meta property=\"og:url\" content=\"https:\/\/www.1001innovations.com\/nouvelles-de-linnovation\/2011\/03\/23\/le-coup-de-coeur-de-la-semaine-la-radio-compacte-a-energie-solaire-et-dynamo\/\" \/>\n<meta property=\"article:published_time\" content=\"2011-03-23T13:49:18+00:00\" \/>\n<meta property=\"article:modified_time\" content=\"2011-03-23T14:12:16+00:00\" \/>\n<meta name=\"twitter:card\" content=\"summary_large_image\" \/>\n<meta name=\"twitter:label1\" content=\"\u00c9crit par\" \/>\n\t<meta name=\"twitter:data1\" content=\"\" \/>\n\t<meta name=\"twitter:label2\" content=\"Dur\u00e9e de lecture estim\u00e9e\" \/>\n\t<meta name=\"twitter:data2\" content=\"2 minutes\" \/>\n<script type=\"application\/ld+json\" class=\"yoast-schema-graph\">{\"@context\":\"https:\/\/schema.org\",\"@graph\":[{\"@type\":\"WebPage\",\"@id\":\"https:\/\/www.1001innovations.com\/nouvelles-de-linnovation\/2011\/03\/23\/le-coup-de-coeur-de-la-semaine-la-radio-compacte-a-energie-solaire-et-dynamo\/\",\"url\":\"https:\/\/www.1001innovations.com\/nouvelles-de-linnovation\/2011\/03\/23\/le-coup-de-coeur-de-la-semaine-la-radio-compacte-a-energie-solaire-et-dynamo\/\",\"name\":\"Le coup de coeur de la semaine : la radio compacte \u00e0 \u00e9nergie solaire et dynamo -\",\"isPartOf\":{\"@id\":\"https:\/\/www.1001innovations.com\/nouvelles-de-linnovation\/#website\"},\"primaryImageOfPage\":{\"@id\":\"https:\/\/www.1001innovations.com\/nouvelles-de-linnovation\/2011\/03\/23\/le-coup-de-coeur-de-la-semaine-la-radio-compacte-a-energie-solaire-et-dynamo\/#primaryimage\"},\"image\":{\"@id\":\"https:\/\/www.1001innovations.com\/nouvelles-de-linnovation\/2011\/03\/23\/le-coup-de-coeur-de-la-semaine-la-radio-compacte-a-energie-solaire-et-dynamo\/#primaryimage\"},\"thumbnailUrl\":\"https:\/\/www.1001innovations.com\/nouvelles-de-linnovation\/wp-content\/uploads\/2011\/03\/radio-compacte-solaire-dynamo-11.jpg\",\"datePublished\":\"2011-03-23T13:49:18+00:00\",\"dateModified\":\"2011-03-23T14:12:16+00:00\",\"author\":{\"@id\":\"\"},\"breadcrumb\":{\"@id\":\"https:\/\/www.1001innovations.com\/nouvelles-de-linnovation\/2011\/03\/23\/le-coup-de-coeur-de-la-semaine-la-radio-compacte-a-energie-solaire-et-dynamo\/#breadcrumb\"},\"inLanguage\":\"fr-FR\",\"potentialAction\":[{\"@type\":\"ReadAction\",\"target\":[\"https:\/\/www.1001innovations.com\/nouvelles-de-linnovation\/2011\/03\/23\/le-coup-de-coeur-de-la-semaine-la-radio-compacte-a-energie-solaire-et-dynamo\/\"]}]},{\"@type\":\"ImageObject\",\"inLanguage\":\"fr-FR\",\"@id\":\"https:\/\/www.1001innovations.com\/nouvelles-de-linnovation\/2011\/03\/23\/le-coup-de-coeur-de-la-semaine-la-radio-compacte-a-energie-solaire-et-dynamo\/#primaryimage\",\"url\":\"\",\"contentUrl\":\"\"},{\"@type\":\"BreadcrumbList\",\"@id\":\"https:\/\/www.1001innovations.com\/nouvelles-de-linnovation\/2011\/03\/23\/le-coup-de-coeur-de-la-semaine-la-radio-compacte-a-energie-solaire-et-dynamo\/#breadcrumb\",\"itemListElement\":[{\"@type\":\"ListItem\",\"position\":1,\"name\":\"Accueil\",\"item\":\"https:\/\/www.1001innovations.com\/nouvelles-de-linnovation\/\"},{\"@type\":\"ListItem\",\"position\":2,\"name\":\"Le coup de coeur de la semaine : la radio compacte \u00e0 \u00e9nergie solaire et dynamo\"}]},{\"@type\":\"WebSite\",\"@id\":\"https:\/\/www.1001innovations.com\/nouvelles-de-linnovation\/#website\",\"url\":\"https:\/\/www.1001innovations.com\/nouvelles-de-linnovation\/\",\"name\":\"\",\"description\":\"\",\"potentialAction\":[{\"@type\":\"SearchAction\",\"target\":{\"@type\":\"EntryPoint\",\"urlTemplate\":\"https:\/\/www.1001innovations.com\/nouvelles-de-linnovation\/?s={search_term_string}\"},\"query-input\":{\"@type\":\"PropertyValueSpecification\",\"valueRequired\":true,\"valueName\":\"search_term_string\"}}],\"inLanguage\":\"fr-FR\"},{\"@type\":\"Person\",\"@id\":\"\",\"url\":\"https:\/\/www.1001innovations.com\/nouvelles-de-linnovation\/author\/\"}]}<\/script>\n<!-- \/ Yoast SEO plugin. -->","yoast_head_json":{"title":"Le coup de coeur de la semaine : la radio compacte \u00e0 \u00e9nergie solaire et dynamo -","robots":{"index":"index","follow":"follow","max-snippet":"max-snippet:-1","max-image-preview":"max-image-preview:large","max-video-preview":"max-video-preview:-1"},"canonical":"https:\/\/www.1001innovations.com\/nouvelles-de-linnovation\/2011\/03\/23\/le-coup-de-coeur-de-la-semaine-la-radio-compacte-a-energie-solaire-et-dynamo\/","og_locale":"fr_FR","og_type":"article","og_title":"Le coup de coeur de la semaine : la radio compacte \u00e0 \u00e9nergie solaire et dynamo -","og_description":"D\u00e9couvrez la radio compacte \u00e0 \u00e9nergie solaire et dynamo : une petite radio bien pratique, compacte, ultra l\u00e9g\u00e8re, que vous emm\u00e8nerez avec vous partout et qui ne tombera jamais en panne - \u00e0 d\u00e9couvrir sur 1001innovations.com","og_url":"https:\/\/www.1001innovations.com\/nouvelles-de-linnovation\/2011\/03\/23\/le-coup-de-coeur-de-la-semaine-la-radio-compacte-a-energie-solaire-et-dynamo\/","article_published_time":"2011-03-23T13:49:18+00:00","article_modified_time":"2011-03-23T14:12:16+00:00","twitter_card":"summary_large_image","twitter_misc":{"\u00c9crit par":"","Dur\u00e9e de lecture estim\u00e9e":"2 minutes"},"schema":{"@context":"https:\/\/schema.org","@graph":[{"@type":"WebPage","@id":"https:\/\/www.1001innovations.com\/nouvelles-de-linnovation\/2011\/03\/23\/le-coup-de-coeur-de-la-semaine-la-radio-compacte-a-energie-solaire-et-dynamo\/","url":"https:\/\/www.1001innovations.com\/nouvelles-de-linnovation\/2011\/03\/23\/le-coup-de-coeur-de-la-semaine-la-radio-compacte-a-energie-solaire-et-dynamo\/","name":"Le coup de coeur de la semaine : la radio compacte \u00e0 \u00e9nergie solaire et dynamo -","isPartOf":{"@id":"https:\/\/www.1001innovations.com\/nouvelles-de-linnovation\/#website"},"primaryImageOfPage":{"@id":"https:\/\/www.1001innovations.com\/nouvelles-de-linnovation\/2011\/03\/23\/le-coup-de-coeur-de-la-semaine-la-radio-compacte-a-energie-solaire-et-dynamo\/#primaryimage"},"image":{"@id":"https:\/\/www.1001innovations.com\/nouvelles-de-linnovation\/2011\/03\/23\/le-coup-de-coeur-de-la-semaine-la-radio-compacte-a-energie-solaire-et-dynamo\/#primaryimage"},"thumbnailUrl":"https:\/\/www.1001innovations.com\/nouvelles-de-linnovation\/wp-content\/uploads\/2011\/03\/radio-compacte-solaire-dynamo-11.jpg","datePublished":"2011-03-23T13:49:18+00:00","dateModified":"2011-03-23T14:12:16+00:00","author":{"@id":""},"breadcrumb":{"@id":"https:\/\/www.1001innovations.com\/nouvelles-de-linnovation\/2011\/03\/23\/le-coup-de-coeur-de-la-semaine-la-radio-compacte-a-energie-solaire-et-dynamo\/#breadcrumb"},"inLanguage":"fr-FR","potentialAction":[{"@type":"ReadAction","target":["https:\/\/www.1001innovations.com\/nouvelles-de-linnovation\/2011\/03\/23\/le-coup-de-coeur-de-la-semaine-la-radio-compacte-a-energie-solaire-et-dynamo\/"]}]},{"@type":"ImageObject","inLanguage":"fr-FR","@id":"https:\/\/www.1001innovations.com\/nouvelles-de-linnovation\/2011\/03\/23\/le-coup-de-coeur-de-la-semaine-la-radio-compacte-a-energie-solaire-et-dynamo\/#primaryimage","url":"","contentUrl":""},{"@type":"BreadcrumbList","@id":"https:\/\/www.1001innovations.com\/nouvelles-de-linnovation\/2011\/03\/23\/le-coup-de-coeur-de-la-semaine-la-radio-compacte-a-energie-solaire-et-dynamo\/#breadcrumb","itemListElement":[{"@type":"ListItem","position":1,"name":"Accueil","item":"https:\/\/www.1001innovations.com\/nouvelles-de-linnovation\/"},{"@type":"ListItem","position":2,"name":"Le coup de coeur de la semaine : la radio compacte \u00e0 \u00e9nergie solaire et dynamo"}]},{"@type":"WebSite","@id":"https:\/\/www.1001innovations.com\/nouvelles-de-linnovation\/#website","url":"https:\/\/www.1001innovations.com\/nouvelles-de-linnovation\/","name":"","description":"","potentialAction":[{"@type":"SearchAction","target":{"@type":"EntryPoint","urlTemplate":"https:\/\/www.1001innovations.com\/nouvelles-de-linnovation\/?s={search_term_string}"},"query-input":{"@type":"PropertyValueSpecification","valueRequired":true,"valueName":"search_term_string"}}],"inLanguage":"fr-FR"},{"@type":"Person","@id":"","url":"https:\/\/www.1001innovations.com\/nouvelles-de-linnovation\/author\/"}]}},"_links":{"self":[{"href":"https:\/\/www.1001innovations.com\/nouvelles-de-linnovation\/wp-json\/wp\/v2\/posts\/1618","targetHints":{"allow":["GET"]}}],"collection":[{"href":"https:\/\/www.1001innovations.com\/nouvelles-de-linnovation\/wp-json\/wp\/v2\/posts"}],"about":[{"href":"https:\/\/www.1001innovations.com\/nouvelles-de-linnovation\/wp-json\/wp\/v2\/types\/post"}],"author":[{"embeddable":true,"href":"https:\/\/www.1001innovations.com\/nouvelles-de-linnovation\/wp-json\/wp\/v2\/users\/21"}],"replies":[{"embeddable":true,"href":"https:\/\/www.1001innovations.com\/nouvelles-de-linnovation\/wp-json\/wp\/v2\/comments?post=1618"}],"version-history":[{"count":40,"href":"https:\/\/www.1001innovations.com\/nouvelles-de-linnovation\/wp-json\/wp\/v2\/posts\/1618\/revisions"}],"predecessor-version":[{"id":1660,"href":"https:\/\/www.1001innovations.com\/nouvelles-de-linnovation\/wp-json\/wp\/v2\/posts\/1618\/revisions\/1660"}],"wp:attachment":[{"href":"https:\/\/www.1001innovations.com\/nouvelles-de-linnovation\/wp-json\/wp\/v2\/media?parent=1618"}],"wp:term":[{"taxonomy":"category","embeddable":true,"href":"https:\/\/www.1001innovations.com\/nouvelles-de-linnovation\/wp-json\/wp\/v2\/categories?post=1618"},{"taxonomy":"post_tag","embeddable":true,"href":"https:\/\/www.1001innovations.com\/nouvelles-de-linnovation\/wp-json\/wp\/v2\/tags?post=1618"}],"curies":[{"name":"wp","href":"https:\/\/api.w.org\/{rel}","templated":true}]}}